{"id":1792,"date":"2026-04-29T11:11:16","date_gmt":"2026-04-29T09:11:16","guid":{"rendered":"https:\/\/www.1terreactions.org\/site\/?p=1792"},"modified":"2026-04-29T11:15:19","modified_gmt":"2026-04-29T09:15:19","slug":"les-super-conseils-de-tristan-se-lancer-dans-la-velo-rando","status":"publish","type":"post","link":"https:\/\/www.1terreactions.org\/site\/2026\/04\/29\/les-super-conseils-de-tristan-se-lancer-dans-la-velo-rando\/","title":{"rendered":"Les super conseils de Tristan : se lancer dans la v\u00e9lo-rando"},"content":{"rendered":"\t\t<div data-elementor-type=\"wp-post\" data-elementor-id=\"1792\" class=\"elementor elementor-1792\">\n\t\t\t\t<div class=\"elementor-element elementor-element-99df6b7 e-flex e-con-boxed wpr-particle-no wpr-jarallax-no wpr-parallax-no wpr-sticky-section-no wpr-equal-height-no e-con e-parent\" data-id=\"99df6b7\" data-element_type=\"container\" data-e-type=\"container\">\n\t\t\t\t\t<div class=\"e-con-inner\">\n\t\t\t\t<div class=\"elementor-element elementor-element-564932e elementor-widget elementor-widget-image\" data-id=\"564932e\" data-element_type=\"widget\" data-e-type=\"widget\" data-widget_type=\"image.default\">\n\t\t\t\t\t\t\t\t\t\t\t\t\t\t\t<img fetchpriority=\"high\" decoding=\"async\" width=\"915\" height=\"452\" src=\"https:\/\/www.1terreactions.org\/site\/wp-content\/uploads\/2026\/04\/Banniere-velo-rando.png\" class=\"attachment-large size-large wp-image-1807\" alt=\"\" srcset=\"https:\/\/www.1terreactions.org\/site\/wp-content\/uploads\/2026\/04\/Banniere-velo-rando.png 915w, https:\/\/www.1terreactions.org\/site\/wp-content\/uploads\/2026\/04\/Banniere-velo-rando-300x148.png 300w, https:\/\/www.1terreactions.org\/site\/wp-content\/uploads\/2026\/04\/Banniere-velo-rando-768x379.png 768w\" sizes=\"(max-width: 915px) 100vw, 915px\" \/>\t\t\t\t\t\t\t\t\t\t\t\t\t\t\t<\/div>\n\t\t\t\t<div class=\"elementor-element elementor-element-d77daf3 elementor-widget elementor-widget-text-editor\" data-id=\"d77daf3\" data-element_type=\"widget\" data-e-type=\"widget\" data-widget_type=\"text-editor.default\">\n\t\t\t\t\t\t\t\t\t<p>Jamais 2 sans 3, comme on dit. Alors voil\u00e0 notre 3i\u00e8me article. Aujourd\u2019hui on va se pencher sur la rando \u00e0 v\u00e9lo, le voyage \u00e0 v\u00e9lo. Et comme l\u2019article pr\u00e9c\u00e9dent, je vous mens un peu, on aura ici droit aux conseils d\u2019un peu toute l\u2019\u00e9quipe , r\u00e9dig\u00e9s par Elio.<\/p><blockquote><p>John F. Kennedy nous le disait d\u00e9j\u00e0 :<em> \u201crien<\/em><em> n\u2019est comparable au simple plaisir d\u2019une balade \u00e0 v\u00e9lo\u201d<\/em>.<em>\u00a0<\/em><em>\u201cP\u00e9daler est la plus belle mani\u00e8re d\u2019\u00eatre en contact avec le monde\u201d<\/em>\u00a0affirmait Bill Strickland. Et je pense qu\u2019ils ont tous les deux tout \u00e0 fait raison.<\/p><\/blockquote><p>Ces superbes adages ne vous donnent-ils pas envie d\u2019enfourcher votre fid\u00e8le destrier pour partir d\u00e9couvrir le monde ? Moi si !<\/p>\t\t\t\t\t\t\t\t<\/div>\n\t\t\t\t<div class=\"elementor-element elementor-element-7fa891a elementor-widget elementor-widget-text-editor\" data-id=\"7fa891a\" data-element_type=\"widget\" data-e-type=\"widget\" data-widget_type=\"text-editor.default\">\n\t\t\t\t\t\t\t\t\t<p>Le but de cet article n\u2019est pas de faire un \u00e9talage de produits ni de vous pousser \u00e0 la consommation, mais bien de\u00a0pr\u00e9senter les diff\u00e9rentes possibilit\u00e9s qui s\u2019offrent \u00e0 vous, sans en faire un comparatif pouss\u00e9 (nous n\u2019avons pas test\u00e9 tout ce dont nous allons parler). Ensuite, libre \u00e0 vous de comparer chaque produit, chaque marque pour trouver ce dont vous avez besoin.<\/p><p>Les voyageur\u00b7euse\u00b7s aguerri\u00b7e\u00b7s, vous risquez de d\u00e9j\u00e0 tout conna\u00eetre\/ Mais n\u2019h\u00e9sitez pas \u00e0 partager votre exp\u00e9rience dans les commentaires de l\u2019article. \u00c7a nous int\u00e9resse de vous lire\u00a0!<\/p>\t\t\t\t\t\t\t\t<\/div>\n\t\t\t\t<div class=\"elementor-element elementor-element-dc13dda elementor-widget elementor-widget-heading\" data-id=\"dc13dda\" data-element_type=\"widget\" data-e-type=\"widget\" data-widget_type=\"heading.default\">\n\t\t\t\t\t<h2 class=\"elementor-heading-title elementor-size-default\">D\u00e9terminer quels types de voyage \n<\/h2>\t\t\t\t<\/div>\n\t\t\t\t<div class=\"elementor-element elementor-element-d6449f5 elementor-widget elementor-widget-text-editor\" data-id=\"d6449f5\" data-element_type=\"widget\" data-e-type=\"widget\" data-widget_type=\"text-editor.default\">\n\t\t\t\t\t\t\t\t\t<p>Il existe autant de formats de voyages \u00e0 v\u00e9lo que de cyclo-voyageur\u00b7euse\u00b7s. Ainsi, avant de choisir vos \u00e9quipements, il est important de d\u00e9terminer quel sera le format de votre voyage. Quelle distance ? Quelle dur\u00e9e ? Quelle autonomie (hotel, camping, bivouac,&#8230;) ? Tous ces param\u00e8tres vont vous aider \u00e0 trouver le v\u00e9los et les \u00e9quipements les plus adapt\u00e9s \u00e0 votre aventure.<br \/>On diff\u00e9rencie souvent le bikepacking du cyclotourisme. Le bikepacking est une forme de voyage plus l\u00e9g\u00e8re, plus \u201cperformante\u201d et permet de faire de l\u2019ultra distance en \u00e9tant moins charg\u00e9\u00b7e. Mais moins de chargement signifie aussi moins de confort (ou sinon nuit \u00e0 l\u2019h\u00f4tel donc plus de confort hehe). Aussi, l\u2019\u00e9quiment ultra l\u00e9ger et ultra compact co\u00fbte souvent plus cher.<\/p><p>En cyclotourisme, on a plus de bagages, on peut plus facilement dormir en camping\/bivouac, avec plus de confort. <br \/>Les sacoches de bickpacking ont cependant l\u2019avantage de se fixer sans porte-bagage. Ainsi si votre v\u00e9lo ne poss\u00e8de pas les oeillets pour en monter un, pas de probl\u00e8me !<\/p>\t\t\t\t\t\t\t\t<\/div>\n\t\t\t\t\t<\/div>\n\t\t\t\t<\/div>\n\t\t<div class=\"elementor-element elementor-element-ec536d6 e-grid e-con-boxed wpr-particle-no wpr-jarallax-no wpr-parallax-no wpr-sticky-section-no wpr-equal-height-no e-con e-parent\" data-id=\"ec536d6\" data-element_type=\"container\" data-e-type=\"container\">\n\t\t\t\t\t<div class=\"e-con-inner\">\n\t\t\t\t<div class=\"elementor-element elementor-element-45cd9dc elementor-widget elementor-widget-image\" data-id=\"45cd9dc\" data-element_type=\"widget\" data-e-type=\"widget\" data-widget_type=\"image.default\">\n\t\t\t\t\t\t\t\t\t\t\t\t<figure class=\"wp-caption\">\n\t\t\t\t\t\t\t\t\t\t<img decoding=\"async\" width=\"295\" height=\"197\" src=\"https:\/\/www.1terreactions.org\/site\/wp-content\/uploads\/2026\/04\/Velo-rando1.png\" class=\"attachment-full size-full wp-image-1809\" alt=\"\" \/>\t\t\t\t\t\t\t\t\t\t\t<figcaption class=\"widget-image-caption wp-caption-text\"><\/figcaption>\n\t\t\t\t\t\t\t\t\t\t<\/figure>\n\t\t\t\t\t\t\t\t\t<\/div>\n\t\t\t\t<div class=\"elementor-element elementor-element-091bb70 elementor-widget elementor-widget-image\" data-id=\"091bb70\" data-element_type=\"widget\" data-e-type=\"widget\" data-widget_type=\"image.default\">\n\t\t\t\t\t\t\t\t\t\t\t\t<figure class=\"wp-caption\">\n\t\t\t\t\t\t\t\t\t\t<img decoding=\"async\" width=\"262\" height=\"197\" src=\"https:\/\/www.1terreactions.org\/site\/wp-content\/uploads\/2026\/04\/Velo-rando2.png\" class=\"attachment-large size-large wp-image-1810\" alt=\"\" \/>\t\t\t\t\t\t\t\t\t\t\t<figcaption class=\"widget-image-caption wp-caption-text\"><\/figcaption>\n\t\t\t\t\t\t\t\t\t\t<\/figure>\n\t\t\t\t\t\t\t\t\t<\/div>\n\t\t\t\t\t<\/div>\n\t\t\t\t<\/div>\n\t\t<div class=\"elementor-element elementor-element-3d98b20 e-flex e-con-boxed wpr-particle-no wpr-jarallax-no wpr-parallax-no wpr-sticky-section-no wpr-equal-height-no e-con e-parent\" data-id=\"3d98b20\" data-element_type=\"container\" data-e-type=\"container\">\n\t\t\t\t\t<div class=\"e-con-inner\">\n\t\t\t\t<div class=\"elementor-element elementor-element-6b370d2 elementor-widget elementor-widget-heading\" data-id=\"6b370d2\" data-element_type=\"widget\" data-e-type=\"widget\" data-widget_type=\"heading.default\">\n\t\t\t\t\t<h2 class=\"elementor-heading-title elementor-size-default\">Comment choisir son v\u00e9lo de voyage ? \n<\/h2>\t\t\t\t<\/div>\n\t\t\t\t<div class=\"elementor-element elementor-element-1aa48f7 elementor-widget elementor-widget-text-editor\" data-id=\"1aa48f7\" data-element_type=\"widget\" data-e-type=\"widget\" data-widget_type=\"text-editor.default\">\n\t\t\t\t\t\t\t\t\t<p>Partie en cours de r\u00e9daction, revenez nous voir dans quelques jours !<\/p>\t\t\t\t\t\t\t\t<\/div>\n\t\t\t\t<div class=\"elementor-element elementor-element-646f8e9 elementor-widget elementor-widget-heading\" data-id=\"646f8e9\" data-element_type=\"widget\" data-e-type=\"widget\" data-widget_type=\"heading.default\">\n\t\t\t\t\t<h2 class=\"elementor-heading-title elementor-size-default\">Quels accessoires existent ?\n<\/h2>\t\t\t\t<\/div>\n\t\t\t\t<div class=\"elementor-element elementor-element-c83cea1 elementor-widget elementor-widget-heading\" data-id=\"c83cea1\" data-element_type=\"widget\" data-e-type=\"widget\" data-widget_type=\"heading.default\">\n\t\t\t\t\t<h4 class=\"elementor-heading-title elementor-size-default\">Porte-bagages arri\u00e8res\n<\/h4>\t\t\t\t<\/div>\n\t\t\t\t<div class=\"elementor-element elementor-element-f5bc158 elementor-widget elementor-widget-text-editor\" data-id=\"f5bc158\" data-element_type=\"widget\" data-e-type=\"widget\" data-widget_type=\"text-editor.default\">\n\t\t\t\t\t\t\t\t\t<p>Il existe une multitude de porte-bagages diff\u00e9rents, avec des fixations diff\u00e9rentes, capables de supporter diff\u00e9rentes charges. La charge maximale est indiqu\u00e9e directement sur le porte-bagage, pensez \u00e0 la v\u00e9rifier avant de blinder vos sacoches.<\/p><p>Pour installer un porte-bagage sur votre v\u00e9lo, v\u00e9rifiez bien que votre v\u00e9lo est d\u2019accord avec \u00e7a (il faut qu\u2019il ait les \u0153illets de fixation sur le cadre).<\/p>\t\t\t\t\t\t\t\t<\/div>\n\t\t\t\t\t<\/div>\n\t\t\t\t<\/div>\n\t\t<div class=\"elementor-element elementor-element-fe8c182 e-grid e-con-boxed wpr-particle-no wpr-jarallax-no wpr-parallax-no wpr-sticky-section-no wpr-equal-height-no e-con e-parent\" data-id=\"fe8c182\" data-element_type=\"container\" data-e-type=\"container\">\n\t\t\t\t\t<div class=\"e-con-inner\">\n\t\t\t\t<div class=\"elementor-element elementor-element-9b99d7e elementor-widget elementor-widget-image\" data-id=\"9b99d7e\" data-element_type=\"widget\" data-e-type=\"widget\" data-widget_type=\"image.default\">\n\t\t\t\t\t\t\t\t\t\t\t\t\t\t\t<img loading=\"lazy\" decoding=\"async\" width=\"275\" height=\"183\" src=\"https:\/\/www.1terreactions.org\/site\/wp-content\/uploads\/2026\/04\/Velo-rando3.png\" class=\"attachment-large size-large wp-image-1811\" alt=\"\" \/>\t\t\t\t\t\t\t\t\t\t\t\t\t\t\t<\/div>\n\t\t\t\t<div class=\"elementor-element elementor-element-0247015 elementor-widget elementor-widget-text-editor\" data-id=\"0247015\" data-element_type=\"widget\" data-e-type=\"widget\" data-widget_type=\"text-editor.default\">\n\t\t\t\t\t\t\t\t\t<p>Les oeillets sont les trous dans le cadre dans lesquels on visse les fixation du porte-bagage.<\/p><p>Il existe des porte-bagages qui se fixent sans les \u0153illets, uniquement sur la tige de selle, mais ces mod\u00e8les ne permettent pas de supporter des sacoches \u00e0 cause du poids.<\/p>\t\t\t\t\t\t\t\t<\/div>\n\t\t\t\t\t<\/div>\n\t\t\t\t<\/div>\n\t\t<div class=\"elementor-element elementor-element-38ceb29 e-flex e-con-boxed wpr-particle-no wpr-jarallax-no wpr-parallax-no wpr-sticky-section-no wpr-equal-height-no e-con e-parent\" data-id=\"38ceb29\" data-element_type=\"container\" data-e-type=\"container\">\n\t\t\t\t\t<div class=\"e-con-inner\">\n\t\t\t\t<div class=\"elementor-element elementor-element-e8b12b8 elementor-widget elementor-widget-image\" data-id=\"e8b12b8\" data-element_type=\"widget\" data-e-type=\"widget\" data-widget_type=\"image.default\">\n\t\t\t\t\t\t\t\t\t\t\t\t\t\t\t<img loading=\"lazy\" decoding=\"async\" width=\"304\" height=\"304\" src=\"https:\/\/www.1terreactions.org\/site\/wp-content\/uploads\/2026\/04\/Velo-rando4.png\" class=\"attachment-full size-full wp-image-1812\" alt=\"\" srcset=\"https:\/\/www.1terreactions.org\/site\/wp-content\/uploads\/2026\/04\/Velo-rando4.png 304w, https:\/\/www.1terreactions.org\/site\/wp-content\/uploads\/2026\/04\/Velo-rando4-300x300.png 300w, https:\/\/www.1terreactions.org\/site\/wp-content\/uploads\/2026\/04\/Velo-rando4-150x150.png 150w\" sizes=\"(max-width: 304px) 100vw, 304px\" \/>\t\t\t\t\t\t\t\t\t\t\t\t\t\t\t<\/div>\n\t\t\t\t<div class=\"elementor-element elementor-element-694bf7b elementor-widget elementor-widget-heading\" data-id=\"694bf7b\" data-element_type=\"widget\" data-e-type=\"widget\" data-widget_type=\"heading.default\">\n\t\t\t\t\t<h4 class=\"elementor-heading-title elementor-size-default\">Porte-bagages avants\n<\/h4>\t\t\t\t<\/div>\n\t\t\t\t<div class=\"elementor-element elementor-element-d8ec02f elementor-widget elementor-widget-text-editor\" data-id=\"d8ec02f\" data-element_type=\"widget\" data-e-type=\"widget\" data-widget_type=\"text-editor.default\">\n\t\t\t\t\t\t\t\t\t<p>De la m\u00eame mani\u00e8re, il existe plusieurs formats de porte-bagage avant (ceux o\u00f9 l\u2019on ne peut que poser un sac, ceux o\u00f9 l\u2019on ne peut mettre que des sacoches et ceux qui combinent les 2.<\/p>\t\t\t\t\t\t\t\t<\/div>\n\t\t\t\t\t<\/div>\n\t\t\t\t<\/div>\n\t\t<div class=\"elementor-element elementor-element-b22197a e-grid e-con-boxed wpr-particle-no wpr-jarallax-no wpr-parallax-no wpr-sticky-section-no wpr-equal-height-no e-con e-parent\" data-id=\"b22197a\" data-element_type=\"container\" data-e-type=\"container\">\n\t\t\t\t\t<div class=\"e-con-inner\">\n\t\t\t\t<div class=\"elementor-element elementor-element-3044ff9 elementor-widget elementor-widget-image\" data-id=\"3044ff9\" data-element_type=\"widget\" data-e-type=\"widget\" data-widget_type=\"image.default\">\n\t\t\t\t\t\t\t\t\t\t\t\t\t\t\t<img loading=\"lazy\" decoding=\"async\" width=\"272\" height=\"272\" src=\"https:\/\/www.1terreactions.org\/site\/wp-content\/uploads\/2026\/04\/Velo-rando5.png\" class=\"attachment-large size-large wp-image-1813\" alt=\"\" srcset=\"https:\/\/www.1terreactions.org\/site\/wp-content\/uploads\/2026\/04\/Velo-rando5.png 272w, https:\/\/www.1terreactions.org\/site\/wp-content\/uploads\/2026\/04\/Velo-rando5-150x150.png 150w\" sizes=\"(max-width: 272px) 100vw, 272px\" \/>\t\t\t\t\t\t\t\t\t\t\t\t\t\t\t<\/div>\n\t\t\t\t<div class=\"elementor-element elementor-element-aaa4e1d elementor-widget elementor-widget-image\" data-id=\"aaa4e1d\" data-element_type=\"widget\" data-e-type=\"widget\" data-widget_type=\"image.default\">\n\t\t\t\t\t\t\t\t\t\t\t\t\t\t\t<img loading=\"lazy\" decoding=\"async\" width=\"396\" height=\"265\" src=\"https:\/\/www.1terreactions.org\/site\/wp-content\/uploads\/2026\/04\/Velo-rando6.png\" class=\"attachment-large size-large wp-image-1814\" alt=\"\" srcset=\"https:\/\/www.1terreactions.org\/site\/wp-content\/uploads\/2026\/04\/Velo-rando6.png 396w, https:\/\/www.1terreactions.org\/site\/wp-content\/uploads\/2026\/04\/Velo-rando6-300x201.png 300w\" sizes=\"(max-width: 396px) 100vw, 396px\" \/>\t\t\t\t\t\t\t\t\t\t\t\t\t\t\t<\/div>\n\t\t\t\t<div class=\"elementor-element elementor-element-495dfde elementor-widget elementor-widget-image\" data-id=\"495dfde\" data-element_type=\"widget\" data-e-type=\"widget\" data-widget_type=\"image.default\">\n\t\t\t\t\t\t\t\t\t\t\t\t\t\t\t<img loading=\"lazy\" decoding=\"async\" width=\"260\" height=\"260\" src=\"https:\/\/www.1terreactions.org\/site\/wp-content\/uploads\/2026\/04\/Velo-rando7.png\" class=\"attachment-large size-large wp-image-1815\" alt=\"\" srcset=\"https:\/\/www.1terreactions.org\/site\/wp-content\/uploads\/2026\/04\/Velo-rando7.png 260w, https:\/\/www.1terreactions.org\/site\/wp-content\/uploads\/2026\/04\/Velo-rando7-150x150.png 150w\" sizes=\"(max-width: 260px) 100vw, 260px\" \/>\t\t\t\t\t\t\t\t\t\t\t\t\t\t\t<\/div>\n\t\t\t\t\t<\/div>\n\t\t\t\t<\/div>\n\t\t<div class=\"elementor-element elementor-element-2a8e1ae e-grid e-con-boxed wpr-particle-no wpr-jarallax-no wpr-parallax-no wpr-sticky-section-no wpr-equal-height-no e-con e-parent\" data-id=\"2a8e1ae\" data-element_type=\"container\" data-e-type=\"container\">\n\t\t\t\t\t<div class=\"e-con-inner\">\n\t\t\t\t<div class=\"elementor-element elementor-element-243944b elementor-widget elementor-widget-image\" data-id=\"243944b\" data-element_type=\"widget\" data-e-type=\"widget\" data-widget_type=\"image.default\">\n\t\t\t\t\t\t\t\t\t\t\t\t\t\t\t<img loading=\"lazy\" decoding=\"async\" width=\"142\" height=\"214\" src=\"https:\/\/www.1terreactions.org\/site\/wp-content\/uploads\/2026\/04\/Velo-rando8.png\" class=\"attachment-large size-large wp-image-1816\" alt=\"\" \/>\t\t\t\t\t\t\t\t\t\t\t\t\t\t\t<\/div>\n\t\t\t\t<div class=\"elementor-element elementor-element-b5dade3 elementor-widget elementor-widget-text-editor\" data-id=\"b5dade3\" data-element_type=\"widget\" data-e-type=\"widget\" data-widget_type=\"text-editor.default\">\n\t\t\t\t\t\t\t\t\t<p>Idem que pour les porte-bagages arri\u00e8res, attention au poids que vous mettrez dessus.<\/p><p>Avant d\u2019acheter un porte-bagage avant, v\u00e9rifiez que votre fourche soit compatible avec le syst\u00e8me de fixation (par des \u0153illets, par l\u2019axe de roue, par t\u00eate de fourche,&#8230;). Pour les fourches compatibles avec aucun syst\u00e8me (et m\u00eames les autres), il est possible d\u2019installer un support universel pour des petites sacoches de fourche.<\/p>\t\t\t\t\t\t\t\t<\/div>\n\t\t\t\t\t<\/div>\n\t\t\t\t<\/div>\n\t\t<div class=\"elementor-element elementor-element-de34d5c e-flex e-con-boxed wpr-particle-no wpr-jarallax-no wpr-parallax-no wpr-sticky-section-no wpr-equal-height-no e-con e-parent\" data-id=\"de34d5c\" data-element_type=\"container\" data-e-type=\"container\">\n\t\t\t\t\t<div class=\"e-con-inner\">\n\t\t\t\t<div class=\"elementor-element elementor-element-9caf200 elementor-widget elementor-widget-heading\" data-id=\"9caf200\" data-element_type=\"widget\" data-e-type=\"widget\" data-widget_type=\"heading.default\">\n\t\t\t\t\t<h4 class=\"elementor-heading-title elementor-size-default\">Sacoches<\/h4>\t\t\t\t<\/div>\n\t\t\t\t<div class=\"elementor-element elementor-element-493cb93 elementor-widget elementor-widget-text-editor\" data-id=\"493cb93\" data-element_type=\"widget\" data-e-type=\"widget\" data-widget_type=\"text-editor.default\">\n\t\t\t\t\t\t\t\t\t<p>Il existe une muuuuultitude de formats de sacoches diff\u00e9rentes\u00a0: des sacoches de porte-bagage, des sacoches de cadre, sacoches de guidon, sacoches de selle, sacoches de fourches,&#8230;. Tous pleins de formats diff\u00e9rents, avec des capacit\u00e9s de stockage diff\u00e9rentes, des tissus diff\u00e9rents (imperm\u00e9ables ou non), des syst\u00e8mes de fixation diff\u00e9rents,&#8230;<\/p><p>Un petit aper\u00e7u de cet immense univers de la sacoche\u00a0:<\/p>\t\t\t\t\t\t\t\t<\/div>\n\t\t\t\t\t<\/div>\n\t\t\t\t<\/div>\n\t\t<div class=\"elementor-element elementor-element-97925e7 e-grid e-con-boxed wpr-particle-no wpr-jarallax-no wpr-parallax-no wpr-sticky-section-no wpr-equal-height-no e-con e-parent\" data-id=\"97925e7\" data-element_type=\"container\" data-e-type=\"container\">\n\t\t\t\t\t<div class=\"e-con-inner\">\n\t\t\t\t<div class=\"elementor-element elementor-element-b0021e5 elementor-widget elementor-widget-image\" data-id=\"b0021e5\" data-element_type=\"widget\" data-e-type=\"widget\" data-widget_type=\"image.default\">\n\t\t\t\t\t\t\t\t\t\t\t\t\t\t\t<img loading=\"lazy\" decoding=\"async\" width=\"242\" height=\"242\" src=\"https:\/\/www.1terreactions.org\/site\/wp-content\/uploads\/2026\/04\/Velo-rando9.png\" class=\"attachment-large size-large wp-image-1817\" alt=\"\" srcset=\"https:\/\/www.1terreactions.org\/site\/wp-content\/uploads\/2026\/04\/Velo-rando9.png 242w, https:\/\/www.1terreactions.org\/site\/wp-content\/uploads\/2026\/04\/Velo-rando9-150x150.png 150w\" sizes=\"(max-width: 242px) 100vw, 242px\" \/>\t\t\t\t\t\t\t\t\t\t\t\t\t\t\t<\/div>\n\t\t\t\t<div class=\"elementor-element elementor-element-b752b74 elementor-widget elementor-widget-image\" data-id=\"b752b74\" data-element_type=\"widget\" data-e-type=\"widget\" data-widget_type=\"image.default\">\n\t\t\t\t\t\t\t\t\t\t\t\t\t\t\t<img loading=\"lazy\" decoding=\"async\" width=\"266\" height=\"266\" src=\"https:\/\/www.1terreactions.org\/site\/wp-content\/uploads\/2026\/04\/Velo-rando10.png\" class=\"attachment-large size-large wp-image-1818\" alt=\"\" srcset=\"https:\/\/www.1terreactions.org\/site\/wp-content\/uploads\/2026\/04\/Velo-rando10.png 266w, https:\/\/www.1terreactions.org\/site\/wp-content\/uploads\/2026\/04\/Velo-rando10-150x150.png 150w\" sizes=\"(max-width: 266px) 100vw, 266px\" \/>\t\t\t\t\t\t\t\t\t\t\t\t\t\t\t<\/div>\n\t\t\t\t<div class=\"elementor-element elementor-element-3d70603 elementor-widget elementor-widget-image\" data-id=\"3d70603\" data-element_type=\"widget\" data-e-type=\"widget\" data-widget_type=\"image.default\">\n\t\t\t\t\t\t\t\t\t\t\t\t\t\t\t<img loading=\"lazy\" decoding=\"async\" width=\"283\" height=\"283\" src=\"https:\/\/www.1terreactions.org\/site\/wp-content\/uploads\/2026\/04\/Velo-rando11.png\" class=\"attachment-large size-large wp-image-1819\" alt=\"\" srcset=\"https:\/\/www.1terreactions.org\/site\/wp-content\/uploads\/2026\/04\/Velo-rando11.png 283w, https:\/\/www.1terreactions.org\/site\/wp-content\/uploads\/2026\/04\/Velo-rando11-150x150.png 150w\" sizes=\"(max-width: 283px) 100vw, 283px\" \/>\t\t\t\t\t\t\t\t\t\t\t\t\t\t\t<\/div>\n\t\t\t\t<div class=\"elementor-element elementor-element-6925952 elementor-widget elementor-widget-image\" data-id=\"6925952\" data-element_type=\"widget\" data-e-type=\"widget\" data-widget_type=\"image.default\">\n\t\t\t\t\t\t\t\t\t\t\t\t\t\t\t<img loading=\"lazy\" decoding=\"async\" width=\"226\" height=\"211\" src=\"https:\/\/www.1terreactions.org\/site\/wp-content\/uploads\/2026\/04\/Velo-rando12.png\" class=\"attachment-large size-large wp-image-1820\" alt=\"\" \/>\t\t\t\t\t\t\t\t\t\t\t\t\t\t\t<\/div>\n\t\t\t\t<div class=\"elementor-element elementor-element-51c0504 elementor-widget elementor-widget-image\" data-id=\"51c0504\" data-element_type=\"widget\" data-e-type=\"widget\" data-widget_type=\"image.default\">\n\t\t\t\t\t\t\t\t\t\t\t\t\t\t\t<img loading=\"lazy\" decoding=\"async\" width=\"212\" height=\"318\" src=\"https:\/\/www.1terreactions.org\/site\/wp-content\/uploads\/2026\/04\/Velo-rando13.png\" class=\"attachment-large size-large wp-image-1821\" alt=\"\" srcset=\"https:\/\/www.1terreactions.org\/site\/wp-content\/uploads\/2026\/04\/Velo-rando13.png 212w, https:\/\/www.1terreactions.org\/site\/wp-content\/uploads\/2026\/04\/Velo-rando13-200x300.png 200w\" sizes=\"(max-width: 212px) 100vw, 212px\" \/>\t\t\t\t\t\t\t\t\t\t\t\t\t\t\t<\/div>\n\t\t\t\t<div class=\"elementor-element elementor-element-babea18 elementor-widget elementor-widget-image\" data-id=\"babea18\" data-element_type=\"widget\" data-e-type=\"widget\" data-widget_type=\"image.default\">\n\t\t\t\t\t\t\t\t\t\t\t\t\t\t\t<img loading=\"lazy\" decoding=\"async\" width=\"326\" height=\"218\" src=\"https:\/\/www.1terreactions.org\/site\/wp-content\/uploads\/2026\/04\/Velo-rando14.png\" class=\"attachment-large size-large wp-image-1822\" alt=\"\" srcset=\"https:\/\/www.1terreactions.org\/site\/wp-content\/uploads\/2026\/04\/Velo-rando14.png 326w, https:\/\/www.1terreactions.org\/site\/wp-content\/uploads\/2026\/04\/Velo-rando14-300x201.png 300w\" sizes=\"(max-width: 326px) 100vw, 326px\" \/>\t\t\t\t\t\t\t\t\t\t\t\t\t\t\t<\/div>\n\t\t\t\t\t<\/div>\n\t\t\t\t<\/div>\n\t\t<div class=\"elementor-element elementor-element-caf6285 e-flex e-con-boxed wpr-particle-no wpr-jarallax-no wpr-parallax-no wpr-sticky-section-no wpr-equal-height-no e-con e-parent\" data-id=\"caf6285\" data-element_type=\"container\" data-e-type=\"container\">\n\t\t\t\t\t<div class=\"e-con-inner\">\n\t\t\t\t<div class=\"elementor-element elementor-element-d307dda elementor-widget elementor-widget-text-editor\" data-id=\"d307dda\" data-element_type=\"widget\" data-e-type=\"widget\" data-widget_type=\"text-editor.default\">\n\t\t\t\t\t\t\t\t\t<p>Quelques super marques en vrac : Z\u00e9fal, Ortlieb, Vaude, D\u00e9cathlon. Impossible de faire un comparatif pour vous (il en existe pleins sur les internets si vous voulez), car tout d\u00e9pend de ce que vous cherchez dans une sacoche. Par exemple, pour mes sacoches de portes bagages, je souhaitais un certain volume, une anse pour porter la sacoche en bandouli\u00e8re lorsqu\u2019elle n\u2019est pas sur le v\u00e9lo, une poche ext\u00e9rieure (pour ranger le go\u00fbter et le kway&#8230;les indispensables \u00e0 pouvoir attraper rapidement). Pour la sacoche de guidon, je voulais un range-carte imperm\u00e9able sur le dessus.<\/p><p>Si vous ne voulez pas investir sans tester, beaucoup de personnes louent leur mat\u00e9riel via la plateforme Leboncoin. Ca vaut aussi le coup de demander \u00e0 ses ami\u00ad\u00b7e\u00b7s et voisin\u00b7e\u00b7s s\u2019ils et elles n\u2019en ont pas \u00e0 vous pr\u00eater.<\/p><p>On peut aussi trouver des p\u00e9pites d\u2019occasion, sur Vinted, Leboncoin, dans les ressourceries, en vide grenier,&#8230;<\/p><p>Et pour les plus motiv\u00e9\u00b7e\u00b7s d\u2019entre vous, il est aussi possible de les coudre soi-m\u00eame. Je suis d\u2019ailleurs tomb\u00e9 sur des tutos la semaine derni\u00e8re, je vous mets la cha\u00eene youtube en question <a href=\"https:\/\/www.youtube.com\/watch?v=b2lzRtppwks&amp;list=PLQgjsphLkz2pQaLnbLynvconP4AMsqUKV\"><u>ici<\/u><\/a>. A l\u2019h\u00e9ro\u00b7\u00efne qui se lancera dans ce projet, ON VEUT VOIR LE RESULTAT FINAL \ud83e\udd29 !!!<\/p><p>Ainsi, pour choisir ses sacoches, il faut tout d\u2019abord savoir de quel volume vous avez besoin, quels syst\u00e8mes de fixation s\u2019adaptent sur votre v\u00e9lo (et votre budget \u00e9videmment).<\/p><p><em>Important \u00e0 noter : il n\u2019est pas n\u00e9cessaire d\u2019avoir du mat\u00e9riel hors de prix, top qualit\u00e9 pour partir en voyage \u00e0 v\u00e9lo.<\/em><\/p><p>Mon tout premier \u2018voyage\u2019 \u00e0 v\u00e9lo en solo, j\u2019avais juste pos\u00e9 mon gros sac de rando sur le porte-bagage arri\u00e8re, attach\u00e9 avec 2 tendeurs et mon sac de couchage pos\u00e9 dans le panier du v\u00e9lo de ville que j\u2019avais emprunt\u00e9 \u00e0 ma maman. Rien d\u2019adapt\u00e9 donc. Et r\u00e9cemment, je suis parti avec 4 sacoches de porte-bagage (2 avant, 2 arri\u00e8re) achet\u00e9es d\u2019occasion, une sacoche de guidon, que l\u2019on m\u2019a pr\u00eat\u00e9e, qui pendouillait tellement que je devais la maintenir avec un tendeur, et ma tente enroul\u00e9e \u00e0 l\u2019arrache dans un sac prot\u00e8ge-sac imperm\u00e9able pos\u00e9e sur le bagage arri\u00e8re. J\u2019avais l\u2019air d\u2019un troubadour, mais c\u2019\u00e9tait un super voyage\u00a0!<\/p>\t\t\t\t\t\t\t\t<\/div>\n\t\t\t\t\t<\/div>\n\t\t\t\t<\/div>\n\t\t<div class=\"elementor-element elementor-element-2c3286c e-flex e-con-boxed wpr-particle-no wpr-jarallax-no wpr-parallax-no wpr-sticky-section-no wpr-equal-height-no e-con e-parent\" data-id=\"2c3286c\" data-element_type=\"container\" data-e-type=\"container\">\n\t\t\t\t\t<div class=\"e-con-inner\">\n\t\t\t\t<div class=\"elementor-element elementor-element-9eecbfe elementor-widget elementor-widget-heading\" data-id=\"9eecbfe\" data-element_type=\"widget\" data-e-type=\"widget\" data-widget_type=\"heading.default\">\n\t\t\t\t\t<h4 class=\"elementor-heading-title elementor-size-default\">Selle<\/h4>\t\t\t\t<\/div>\n\t\t\t\t<div class=\"elementor-element elementor-element-d8625d1 elementor-widget elementor-widget-text-editor\" data-id=\"d8625d1\" data-element_type=\"widget\" data-e-type=\"widget\" data-widget_type=\"text-editor.default\">\n\t\t\t\t\t\t\t\t\t<p>Investir dans une bonne selle de v\u00e9lo c\u2019est ce qui fait la diff\u00e9rence entre une sortie agr\u00e9able ou un vrai calvaire.\u00a0<\/p><p>Contrairement \u00e0 ce qu\u2019on pense souvent, une selle trop molle n\u2019est pas forc\u00e9ment plus confortable. Le vrai secret, c\u2019est qu\u2019elle soit adapt\u00e9e \u00e0 sa morphologie, et notamment \u00e0 l\u2019\u00e9cartement de ses ischions (les fameux \u201cos des fesses\u201d)\u00a0: les personnes avec un large bassin pouvant rapidement \u00eatre inconfortables sur des selles \u00e9troites.<\/p><p>Petite astuce pour le mesurer : s\u2019asseoir sur un morceau de carton un peu \u00e9pais. Les pointes des os vont laisser des traces, il n&rsquo;y a plus qu&rsquo;\u00e0 mesurer et partir \u00e0 la recherche de la selle id\u00e9ale pour votre fessier !\u00a0<a href=\"https:\/\/www.youtube.com\/watch?v=EPzz4G2Y1AA\"><u>Ici <\/u><\/a>une petite vid\u00e9o de D\u00e9cathlon avec toute la proc\u00e9dure en image.<\/p><p>Pour choisir une selle, il faut aussi choisir sa mati\u00e8re\u00a0: en gel, en cuir ou en synth\u00e9tique. Le gel n\u2019est pas le plus conseill\u00e9 pour les (tr\u00e8s) longues distances car il peut avoir tendance \u00e0 se tasser. Les selles en cuir s\u2019adaptent \u00e0 la forme de votre popotin de telle mani\u00e8re que vous semblez \u00eatre assis\u00b7e sur un petit nuage. Bon par contre, le temps que la selle se forme \u00e0 votre s\u00e9ant, vous allez douiller un peu. Le synth\u00e9tique propose un certain entre-deux.<\/p><p>Une des marques les plus plebiscit\u00e9e par les voyageur\u00b7euse\u00b7s \u00e0 v\u00e9lo\u00a0: BROOKS. Cette enseigne s\u2019est d\u00e9marqu\u00e9e avec des selles en cuir de qualit\u00e9 et aujourd\u2019hui, elle a rajout\u00e9 \u00e0 son catalogue des selles v\u00e9ganes en caoutchouc naturel, aux m\u00eames vertues que leurs selles en cuir.<\/p><p>La marque SMP (100% made in Italy) est \u00e9galement tr\u00e8s r\u00e9pandue chez les cyclotouristes (moi-m\u00eame j\u2019ai fait mon dernier voyage \u00e0 v\u00e9lo avec une selle SMP). Son bec pench\u00e9 et son \u00ab\u00a0trou\u00a0\u00bb au centre permettent un confort plus pouss\u00e9 (et un moindre appui sur le p\u00e9rin\u00e9e, histoire d\u2019en prendre un peu soin).<\/p><p>\u00a0<\/p>\t\t\t\t\t\t\t\t<\/div>\n\t\t\t\t<div class=\"elementor-element elementor-element-7c2f066 elementor-widget elementor-widget-image\" data-id=\"7c2f066\" data-element_type=\"widget\" data-e-type=\"widget\" data-widget_type=\"image.default\">\n\t\t\t\t\t\t\t\t\t\t\t\t\t\t\t<img loading=\"lazy\" decoding=\"async\" width=\"280\" height=\"277\" src=\"https:\/\/www.1terreactions.org\/site\/wp-content\/uploads\/2026\/04\/Velo-rando15.png\" class=\"attachment-large size-large wp-image-1823\" alt=\"\" \/>\t\t\t\t\t\t\t\t\t\t\t\t\t\t\t<\/div>\n\t\t\t\t\t<\/div>\n\t\t\t\t<\/div>\n\t\t<div class=\"elementor-element elementor-element-501cc55 e-flex e-con-boxed wpr-particle-no wpr-jarallax-no wpr-parallax-no wpr-sticky-section-no wpr-equal-height-no e-con e-parent\" data-id=\"501cc55\" data-element_type=\"container\" data-e-type=\"container\">\n\t\t\t\t\t<div class=\"e-con-inner\">\n\t\t\t\t<div class=\"elementor-element elementor-element-893a383 elementor-widget elementor-widget-heading\" data-id=\"893a383\" data-element_type=\"widget\" data-e-type=\"widget\" data-widget_type=\"heading.default\">\n\t\t\t\t\t<h4 class=\"elementor-heading-title elementor-size-default\">Eclairage<\/h4>\t\t\t\t<\/div>\n\t\t\t\t<div class=\"elementor-element elementor-element-7d8643e elementor-widget elementor-widget-text-editor\" data-id=\"7d8643e\" data-element_type=\"widget\" data-e-type=\"widget\" data-widget_type=\"text-editor.default\">\n\t\t\t\t\t\t\t\t\t<p>Comme avec le v\u00e9lo du quotidien, l\u2019\u00e9clairage est important\u00a0! Vous commencez \u00e0 conna\u00eetre la chanson\u00a0: il existe beaucoup de syst\u00e8me d\u2019\u00e9clairage diff\u00e9rents. On retrouve les \u00e9clairages \u00e0 pile (pas tr\u00e8s \u00e9colo, mais peu chers), les \u00e9clairages rechargeables via USB et les \u00e9clairages dynamo.<\/p><p>Parmi les syst\u00e8mes \u00e0 dynamo, on retrouve les dynamo bouteille\u00a0: lorsqu\u2019enclench\u00e9, le bouchon de dynamo frotte sur le pneu et avec la rotation produit l\u2019\u00e9lectricit\u00e9 n\u00e9cessaire \u00e0 l\u2019\u00e9clairage. Ce syst\u00e8me est pratique et peu cher \u00e0 installer, il n\u2019y a pas \u00e0 penser \u00e0 recharger ses lampes, mais ralentit le cycliste \u00e0 cause du frottement sur le pneu et est assez bruyant.<\/p>\t\t\t\t\t\t\t\t<\/div>\n\t\t\t\t<div class=\"elementor-element elementor-element-2657af0 elementor-widget elementor-widget-image\" data-id=\"2657af0\" data-element_type=\"widget\" data-e-type=\"widget\" data-widget_type=\"image.default\">\n\t\t\t\t\t\t\t\t\t\t\t\t\t\t\t<img loading=\"lazy\" decoding=\"async\" width=\"250\" height=\"250\" src=\"https:\/\/www.1terreactions.org\/site\/wp-content\/uploads\/2026\/04\/Velo-rando16.png\" class=\"attachment-medium_large size-medium_large wp-image-1824\" alt=\"\" srcset=\"https:\/\/www.1terreactions.org\/site\/wp-content\/uploads\/2026\/04\/Velo-rando16.png 250w, https:\/\/www.1terreactions.org\/site\/wp-content\/uploads\/2026\/04\/Velo-rando16-150x150.png 150w\" sizes=\"(max-width: 250px) 100vw, 250px\" \/>\t\t\t\t\t\t\t\t\t\t\t\t\t\t\t<\/div>\n\t\t\t\t<div class=\"elementor-element elementor-element-6628a96 elementor-widget elementor-widget-text-editor\" data-id=\"6628a96\" data-element_type=\"widget\" data-e-type=\"widget\" data-widget_type=\"text-editor.default\">\n\t\t\t\t\t\t\t\t\t<p>On retrouve aussi le moyeu dynamo\u00a0(photo ci-dessus) : tout le syst\u00e8me se retrouve \u00e0 l\u2019int\u00e9rieur du moyeu (le centre de la roue, o\u00f9 il y a l\u2019axe et les roulements), produisant ainsi l\u2019\u00e9lectricit\u00e9 lorsque la roue tourne. Pas de ralentissement, pas de bruit, mais un co\u00fbt d\u2019installation plus \u00e9lev\u00e9. Le +, on peut installer une lampe \u00e0 condensateur, qui permet de garder un peu d\u2019\u00e9lectricit\u00e9 dans le circuit lorsque la roue s\u2019arr\u00eate de tourner (lors d\u2019un arr\u00eat au feu rouge par exemple), pour continuer de voir et d\u2019\u00eatre visible.<\/p><p>Vous allez le voir dans la suite, mais le syst\u00e8me dynamo permet aussi un autre super avantage (oulala le suspens&#8230;.).<\/p>\t\t\t\t\t\t\t\t<\/div>\n\t\t\t\t<div class=\"elementor-element elementor-element-b541ba2 elementor-widget elementor-widget-heading\" data-id=\"b541ba2\" data-element_type=\"widget\" data-e-type=\"widget\" data-widget_type=\"heading.default\">\n\t\t\t\t\t<h4 class=\"elementor-heading-title elementor-size-default\">Compteur\n<\/h4>\t\t\t\t<\/div>\n\t\t\t\t<div class=\"elementor-element elementor-element-a7ff311 elementor-widget elementor-widget-text-editor\" data-id=\"a7ff311\" data-element_type=\"widget\" data-e-type=\"widget\" data-widget_type=\"text-editor.default\">\n\t\t\t\t\t\t\t\t\t<p>Le compteur n\u2019est absolument pas obligatoire, c\u2019est un accessoire compl\u00e9mentaire, mais personnellement je trouve \u00e7a sympa d\u2019en avoir un pour savoir le nombre de kilom\u00e8tres parcourus chaque jour.<\/p><p>Il en existe pleiiins de pleins de marques. Votre choix d\u00e9pendra donc des fonctionnalit\u00e9s que vous d\u00e9sirez. Moi j\u2019ai le premier prix de chez D\u00e9cathlon et il fait tr\u00e8s bien l\u2019affaire.<\/p><p>Valentin, lui, a investi dans un compteur-GPS de la marque Garmin. Il peut y afficher son itin\u00e9raire (t\u00e9l\u00e9charg\u00e9 au format GPX sur G\u00e9oV\u00e9lo par exemple, on en reparle apr\u00e8s\u00a0\ud83d\ude09 ) et m\u00eame en cr\u00e9er un directement sur l\u2019appareil.<\/p><p>A noter, pour les longues distances, il faudra en privil\u00e9gier un avec une bonne autonomie pour \u00e9viter d\u2019avoir \u00e0 changer la pile ou le recharger trop r\u00e9guli\u00e8rement.<\/p><p>On peut aussi utiliser son t\u00e9l\u00e9phone avec une appli d\u2019affichage d\u2019itin\u00e9raire, qui pourra aussi vous afficher votre kilom\u00e9trage et votre vitesse. Mais attention \u00e0 la batterie, elle risque de se vider tr\u00e8s rapidement.<\/p>\t\t\t\t\t\t\t\t<\/div>\n\t\t\t\t<div class=\"elementor-element elementor-element-1af7611 elementor-widget elementor-widget-heading\" data-id=\"1af7611\" data-element_type=\"widget\" data-e-type=\"widget\" data-widget_type=\"heading.default\">\n\t\t\t\t\t<h4 class=\"elementor-heading-title elementor-size-default\">Recharge \u00e9lectrique \n<\/h4>\t\t\t\t<\/div>\n\t\t\t\t<div class=\"elementor-element elementor-element-8f2a28d elementor-widget elementor-widget-text-editor\" data-id=\"8f2a28d\" data-element_type=\"widget\" data-e-type=\"widget\" data-widget_type=\"text-editor.default\">\n\t\t\t\t\t\t\t\t\t<p>Lors de longs voyages en autonomie, lorsque l\u2019on dort en camping\/bivouac, on se retrouve rapidement confront\u00e9\u00b7e \u00e0 la probl\u00e9matique du rechargement des appareils \u00e9lectroniques (t\u00e9l\u00e9phone, lampe, GPS,&#8230;). Les solutions envisageables pour \u00eatre autonome sur ce point sont\u00a0: les batteries externes, les chargeurs solaires portables et les chargeurs au moyeu dynamo E-Werk.<\/p><p>J\u2019imagine que vous voyez tout \u00e0 fait pour les 2 premiers mais que vous faites les yeux ronds pour le troisi\u00e8me. En fait, il s\u2019agit d\u2019un dispositif qui se branche sur le moyeu dynamo. On l\u2019a vu pr\u00e9c\u00e9demment, en roulant, le moyeu dynamo cr\u00e9e de l\u2019\u00e9lectricit\u00e9. Alors autant l\u2019utiliser pour charger nos appareils. C\u2019est ce que propose l\u2019appareil E-Werk de la marque Bush &amp; M\u00fcller. Je ne l\u2019ai personnellement pas encore test\u00e9, mais le site pr\u00e9cise qu\u2019\u00e0 15km\/h, l\u2019appareil charge aussi vite qu\u2019un chargeur classique. L\u2019appareil poss\u00e8de 2 boutons qui permettent de r\u00e9gler la tension et l\u2019intensit\u00e9 (qui diff\u00e9rent en fonction de si l\u2019on charge un t\u00e9l\u00e9phone ou un appareil photo par exemple). Je vous mets la page de la marque <a href=\"https:\/\/bumm.de\/fr\/detail-du-produit\/e-werk\/\"><u>ici<\/u><\/a>, mais si ce produit vous int\u00e9resse, il est trouvable moins cher ailleurs.<\/p>\t\t\t\t\t\t\t\t<\/div>\n\t\t\t\t<div class=\"elementor-element elementor-element-94c40b4 elementor-widget elementor-widget-heading\" data-id=\"94c40b4\" data-element_type=\"widget\" data-e-type=\"widget\" data-widget_type=\"heading.default\">\n\t\t\t\t\t<h4 class=\"elementor-heading-title elementor-size-default\">Rappel \u00e9quipements s\u00e9cu \n<\/h4>\t\t\t\t<\/div>\n\t\t\t\t<div class=\"elementor-element elementor-element-e37833d elementor-widget elementor-widget-text-editor\" data-id=\"e37833d\" data-element_type=\"widget\" data-e-type=\"widget\" data-widget_type=\"text-editor.default\">\n\t\t\t\t\t\t\t\t\t<p>Rappel rapide de la r\u00e9glementation fran\u00e7aise\u00a0: les catadioptres (les trucs oranges brillants) sont obligatoires sur le v\u00e9lo\u00a0: 1 par roue et 2 par p\u00e9dale. Ce petit objet semble servir \u00e0 rien, mais je vous promets qu\u2019ils vous permettent d\u2019\u00eatre mieux vu\u00b7e par les autres usager\u00b7e\u00b7s de la route la nuit.<\/p><p>Un avertisseur sonore (ou sonnette pour les intimes) est \u00e9galement obligatoire.<\/p><p>Ces obligations ne sont pas l\u00e0 pour nous emb\u00eater mais plut\u00f4t pour que l\u2019on soit plus en s\u00e9curit\u00e9.<\/p>\t\t\t\t\t\t\t\t<\/div>\n\t\t\t\t<div class=\"elementor-element elementor-element-e204234 elementor-widget elementor-widget-heading\" data-id=\"e204234\" data-element_type=\"widget\" data-e-type=\"widget\" data-widget_type=\"heading.default\">\n\t\t\t\t\t<h2 class=\"elementor-heading-title elementor-size-default\">Les r\u00e9parations \u00e0 conna\u00eetre et les outils \u00e0 embarquer\n<\/h2>\t\t\t\t<\/div>\n\t\t\t\t<div class=\"elementor-element elementor-element-74cf1a1 elementor-widget elementor-widget-text-editor\" data-id=\"74cf1a1\" data-element_type=\"widget\" data-e-type=\"widget\" data-widget_type=\"text-editor.default\">\n\t\t\t\t\t\t\t\t\t<p>Imaginez vous \u00eates au milieu du d\u00e9sert, et tout \u00e0 coup, pschhhhhttt, pneu \u00e0 plat. Le premier atelier v\u00e9lo est \u00e0 au moins \u00e0 une quarantaine de kilom\u00e8tres. Il fait chaud et vous n\u2019avez presque plus d\u2019eau dans vos gourdes. Catastrophe. Mais heureusement, vous savez changer une chambre \u00e0 air et m\u00eame que vous en avez une en stock dans vos sacoches. Parfait, vous pourrez repartir sereinement.<\/p><p>Imaginez vous \u00eates en montagne, en pleine mont\u00e9e, vous arrivez enfin au col, et craaaaac vos freins ne fonctionnent plus, alors que la descente (la meilleure partie, on est d\u2019accord) arrive. Catastrophe. Faire la descente \u00e0 pied en poussant le v\u00e9lo? Impensable! Mais heureusement, vous savez changer le c\u00e2ble et les patins de freins et m\u00eame que vous avez les pi\u00e8ces en stock dans vos sacoches. Parfait, vous pourrez repartir sereinement.<\/p><p>Ce ne sont \u00e9videmment que des sc\u00e9narios, mais \u00e7a peut toujours arriver. Savoir effectuer les petites r\u00e9parations de base vous permettra de partir l\u2019esprit plus l\u00e9ger.<\/p><p>Ainsi, voil\u00e0 ce qui est conseill\u00e9 de savoir faire avant de partir\u00a0: changer sa chambre \u00e0 air\/son pneu, poser une rustine, changer ses patins de freins et le c\u00e2ble de frein. Mais plus vous en savez, plus c\u2019est b\u00e9n\u00e8f pour vous.<\/p><p>Nous vous conseillons d\u2019embarquer dans vos sacoches\u00a0: 2 d\u00e9monte-pneus, 3 cl\u00e9s allen (4 \u00e0 6), 3 cl\u00e9s plates (8 \u00e0 10), pompe, une chambre \u00e0 air de rechange, 1 tournevis plat et\u00a0 1 tournevis cruciforme. Tous ces outils existent sous forme de multi-outils tout-en-un, tr\u00e8s pratique et moins encombrant.<\/p><p>Bon \u00e0 savoir\u00a0: avec le projet Voyageureuses, si vous \u00eates adh\u00e9rent\u00b7e d\u2019un atelier membre du r\u00e9seau<a href=\"https:\/\/www.heureux-cyclage.org\/\"><u> L\u2019Heureux Cyclage<\/u><\/a>, vous pourrez acc\u00e9der \u00e0 tous les ateliers membres du r\u00e9seau (trouvable sur la <a href=\"https:\/\/www.heureux-cyclage.org\/les-ateliers-en-france.html\"><u>carte<\/u><\/a> du r\u00e9seau). Pour permettre cet accueil, L\u2019Heureux Cyclage a pris en charge une assurance sp\u00e9cifique qui couvre les risques d\u2019accidents d\u2019un\u00b7e Voyageureuse au sein d\u2019un atelier dont il ou elle n\u2019est pas adh\u00e9rent\u00b7e.<\/p><p>Autre bon plan : \u00e0 1-Terre-Actions, nous proposons des ateliers \u00ab Deviens v\u00e9lotonome \u00bb. Durant ces ateliers de 2h, on apprend par une partie th\u00e9orique et une partie pratique \u00e0 changer sa chambre \u00e0 air et son pneu, \u00e0 changer des patins de freins et faire le r\u00e9glage, ainsi qu\u2019\u00e0 tester l\u2019usure de sa cha\u00eene et \u00e0 l\u2019entretenir. Ces ateliers sont sur inscription (par mail ou t\u00e9l\u00e9phone). Les prochaines dates sont visibles dans l\u2019<a href=\"https:\/\/www.1terreactions.org\/site\/agenda\/\"><u>Agenda <\/u><\/a>sur notre site ou sur nos r\u00e9seaux sociaux.\u00a0<\/p>\t\t\t\t\t\t\t\t<\/div>\n\t\t\t\t<div class=\"elementor-element elementor-element-8a34b74 elementor-widget elementor-widget-heading\" data-id=\"8a34b74\" data-element_type=\"widget\" data-e-type=\"widget\" data-widget_type=\"heading.default\">\n\t\t\t\t\t<h2 class=\"elementor-heading-title elementor-size-default\">S\u2019entra\u00eener\n<\/h2>\t\t\t\t<\/div>\n\t\t\t\t<div class=\"elementor-element elementor-element-eae74cb elementor-widget elementor-widget-text-editor\" data-id=\"eae74cb\" data-element_type=\"widget\" data-e-type=\"widget\" data-widget_type=\"text-editor.default\">\n\t\t\t\t\t\t\t\t\t<p>Comme en randonn\u00e9e p\u00e9destre, on ne part pas faire son voyage\/sa rando sans avoir tester son mat\u00e9riel pr\u00e9alablement. Une selle peut \u00eatre confortable pour ses trajets du quotidien, mais tr\u00e8s d\u00e9sagr\u00e9able au bout de 50km.<\/p><p>Ainsi, quelques semaines avant votre grand d\u00e9part, n\u2019h\u00e9sitez pas \u00e0 faire des balades pour tester votre matos, votre position sur le v\u00e9lo,&#8230;<\/p><p>Et si vous ne p\u00e9dalez pas r\u00e9guli\u00e8rement, il est aussi recommand\u00e9 d\u2019enfourcher son v\u00e9lo sur plusieurs sorties avant de\u00a0 partir pour votre grand voyage.<\/p>\t\t\t\t\t\t\t\t<\/div>\n\t\t\t\t<div class=\"elementor-element elementor-element-ba48267 elementor-widget elementor-widget-heading\" data-id=\"ba48267\" data-element_type=\"widget\" data-e-type=\"widget\" data-widget_type=\"heading.default\">\n\t\t\t\t\t<h2 class=\"elementor-heading-title elementor-size-default\">Les itin\u00e9raires sympa en France\n<\/h2>\t\t\t\t<\/div>\n\t\t\t\t<div class=\"elementor-element elementor-element-38931c3 elementor-widget elementor-widget-text-editor\" data-id=\"38931c3\" data-element_type=\"widget\" data-e-type=\"widget\" data-widget_type=\"text-editor.default\">\n\t\t\t\t\t\t\t\t\t<p>En France, nous avons le privil\u00e8ge d\u2019avoir de magnifiques paysages et des itin\u00e9raires am\u00e9nag\u00e9s qui les parcourent.<\/p><p>Les Eurov\u00e9los sont les itin\u00e9raires cyclables am\u00e9nag\u00e9s qui relient les pays du continent. 10 Eurov\u00e9los traversent la France.\u00a0Ces itin\u00e9raires sont balis\u00e9s (il est quand m\u00eame conseill\u00e9 d\u2019avoir une carte papier ou sur t\u00e9l\u00e9phone).<\/p>\t\t\t\t\t\t\t\t<\/div>\n\t\t\t\t\t<\/div>\n\t\t\t\t<\/div>\n\t\t<div class=\"elementor-element elementor-element-e470aec e-grid e-con-boxed wpr-particle-no wpr-jarallax-no wpr-parallax-no wpr-sticky-section-no wpr-equal-height-no e-con e-parent\" data-id=\"e470aec\" data-element_type=\"container\" data-e-type=\"container\">\n\t\t\t\t\t<div class=\"e-con-inner\">\n\t\t\t\t<div class=\"elementor-element elementor-element-74fcd28 elementor-widget elementor-widget-image\" data-id=\"74fcd28\" data-element_type=\"widget\" data-e-type=\"widget\" data-widget_type=\"image.default\">\n\t\t\t\t\t\t\t\t\t\t\t\t\t\t\t<img loading=\"lazy\" decoding=\"async\" width=\"283\" height=\"319\" src=\"https:\/\/www.1terreactions.org\/site\/wp-content\/uploads\/2026\/04\/Velo-rando17.png\" class=\"attachment-large size-large wp-image-1825\" alt=\"\" srcset=\"https:\/\/www.1terreactions.org\/site\/wp-content\/uploads\/2026\/04\/Velo-rando17.png 283w, https:\/\/www.1terreactions.org\/site\/wp-content\/uploads\/2026\/04\/Velo-rando17-266x300.png 266w\" sizes=\"(max-width: 283px) 100vw, 283px\" \/>\t\t\t\t\t\t\t\t\t\t\t\t\t\t\t<\/div>\n\t\t\t\t<div class=\"elementor-element elementor-element-a8e14fd elementor-widget elementor-widget-image\" data-id=\"a8e14fd\" data-element_type=\"widget\" data-e-type=\"widget\" data-widget_type=\"image.default\">\n\t\t\t\t\t\t\t\t\t\t\t\t\t\t\t<img loading=\"lazy\" decoding=\"async\" width=\"329\" height=\"354\" src=\"https:\/\/www.1terreactions.org\/site\/wp-content\/uploads\/2026\/04\/Velo-rando18.png\" class=\"attachment-large size-large wp-image-1826\" alt=\"\" srcset=\"https:\/\/www.1terreactions.org\/site\/wp-content\/uploads\/2026\/04\/Velo-rando18.png 329w, https:\/\/www.1terreactions.org\/site\/wp-content\/uploads\/2026\/04\/Velo-rando18-279x300.png 279w\" sizes=\"(max-width: 329px) 100vw, 329px\" \/>\t\t\t\t\t\t\t\t\t\t\t\t\t\t\t<\/div>\n\t\t\t\t<div class=\"elementor-element elementor-element-ad78795 elementor-widget elementor-widget-image\" data-id=\"ad78795\" data-element_type=\"widget\" data-e-type=\"widget\" data-widget_type=\"image.default\">\n\t\t\t\t\t\t\t\t\t\t\t\t\t\t\t<img loading=\"lazy\" decoding=\"async\" width=\"164\" height=\"230\" src=\"https:\/\/www.1terreactions.org\/site\/wp-content\/uploads\/2026\/04\/Velo-rando19.png\" class=\"attachment-large size-large wp-image-1827\" alt=\"\" \/>\t\t\t\t\t\t\t\t\t\t\t\t\t\t\t<\/div>\n\t\t\t\t<div class=\"elementor-element elementor-element-2bd3942 elementor-widget elementor-widget-text-editor\" data-id=\"2bd3942\" data-element_type=\"widget\" data-e-type=\"widget\" data-widget_type=\"text-editor.default\">\n\t\t\t\t\t\t\t\t\t<p>il existe aussi des itin\u00e9raires r\u00e9gionaux, par exemple, le tour de Bourgogne, le canal des 2 mers, la Seine \u00e0 v\u00e9lo,&#8230;<\/p><p>Dans notre belle r\u00e9gion, on ne peut \u00e9videmment pas passer \u00e0 c\u00f4t\u00e9 de \u00ab\u00a0La (belle) Loire \u00e0 v\u00e9lo\u00a0\u00bb. Qu\u2019on parte pour 3 mois \u00e0 v\u00e9lo, 3 semaines ou 3 jours, il a toujours des itin\u00e9raires sympa \u00e0 trouver. On vous donne des id\u00e9es pour calculer vos itin\u00e9raires dans la partie suivante.<\/p><p>Le saviez-vous ? Un de nos super b\u00e9n\u00e9vole a parcouru en 2024 ces beaux itin\u00e9raires&#8230;.jusqu\u2019au Cap Nord ! Aller ET retour ! Bravo \u00e0 lui !<\/p>\t\t\t\t\t\t\t\t<\/div>\n\t\t\t\t\t<\/div>\n\t\t\t\t<\/div>\n\t\t<div class=\"elementor-element elementor-element-35b2aa8 e-flex e-con-boxed wpr-particle-no wpr-jarallax-no wpr-parallax-no wpr-sticky-section-no wpr-equal-height-no e-con e-parent\" data-id=\"35b2aa8\" data-element_type=\"container\" data-e-type=\"container\">\n\t\t\t\t\t<div class=\"e-con-inner\">\n\t\t\t\t<div class=\"elementor-element elementor-element-5247514 elementor-widget elementor-widget-heading\" data-id=\"5247514\" data-element_type=\"widget\" data-e-type=\"widget\" data-widget_type=\"heading.default\">\n\t\t\t\t\t<h2 class=\"elementor-heading-title elementor-size-default\">Cr\u00e9er son propre itin\u00e9raire <\/h2>\t\t\t\t<\/div>\n\t\t\t\t<div class=\"elementor-element elementor-element-15906b2 elementor-widget elementor-widget-heading\" data-id=\"15906b2\" data-element_type=\"widget\" data-e-type=\"widget\" data-widget_type=\"heading.default\">\n\t\t\t\t\t<h4 class=\"elementor-heading-title elementor-size-default\">Applications\n<\/h4>\t\t\t\t<\/div>\n\t\t\t\t<div class=\"elementor-element elementor-element-3d87f36 elementor-widget elementor-widget-text-editor\" data-id=\"3d87f36\" data-element_type=\"widget\" data-e-type=\"widget\" data-widget_type=\"text-editor.default\">\n\t\t\t\t\t\t\t\t\t<ul><li><a href=\"https:\/\/geovelo.app\/fr\/\"><u><strong>G\u00e9ov\u00e9lo <\/strong><\/u><\/a>est une appli d\u00e9di\u00e9e au v\u00e9lo. Elle permet de tracer un itin\u00e9raire, de le t\u00e9l\u00e9charger en format gpx (pour l\u2019importer dans son GPS par exemple) ou de le suivre directement sur son t\u00e9l\u00e9phone. Par exemple, pour un trajet entre Orl\u00e9ans et Poitiers, l\u2019application propose plusieurs itin\u00e9raires et d\u00e9taille pour chacun le d\u00e9nivel\u00e9 et le type de voies rencontr\u00e9es. Et le top dans tout \u00e7a\u00a0? L\u2019appli est gratuite. L\u2019essayer, c\u2019est l\u2019adopter.<\/li><\/ul>\t\t\t\t\t\t\t\t<\/div>\n\t\t<div class=\"elementor-element elementor-element-51d0812 e-grid e-con-full wpr-particle-no wpr-jarallax-no wpr-parallax-no wpr-sticky-section-no wpr-equal-height-no e-con e-child\" data-id=\"51d0812\" data-element_type=\"container\" data-e-type=\"container\">\n\t\t\t\t<div class=\"elementor-element elementor-element-2078fc3 elementor-widget elementor-widget-image\" data-id=\"2078fc3\" data-element_type=\"widget\" data-e-type=\"widget\" data-widget_type=\"image.default\">\n\t\t\t\t\t\t\t\t\t\t\t\t\t\t\t<img loading=\"lazy\" decoding=\"async\" width=\"228\" height=\"368\" src=\"https:\/\/www.1terreactions.org\/site\/wp-content\/uploads\/2026\/04\/Velo-rando20.png\" class=\"attachment-large size-large wp-image-1828\" alt=\"\" srcset=\"https:\/\/www.1terreactions.org\/site\/wp-content\/uploads\/2026\/04\/Velo-rando20.png 228w, https:\/\/www.1terreactions.org\/site\/wp-content\/uploads\/2026\/04\/Velo-rando20-186x300.png 186w\" sizes=\"(max-width: 228px) 100vw, 228px\" \/>\t\t\t\t\t\t\t\t\t\t\t\t\t\t\t<\/div>\n\t\t\t\t<div class=\"elementor-element elementor-element-5accaa2 elementor-widget elementor-widget-image\" data-id=\"5accaa2\" data-element_type=\"widget\" data-e-type=\"widget\" data-widget_type=\"image.default\">\n\t\t\t\t\t\t\t\t\t\t\t\t\t\t\t<img loading=\"lazy\" decoding=\"async\" width=\"234\" height=\"374\" src=\"https:\/\/www.1terreactions.org\/site\/wp-content\/uploads\/2026\/04\/Velo-rando21.png\" class=\"attachment-large size-large wp-image-1829\" alt=\"\" srcset=\"https:\/\/www.1terreactions.org\/site\/wp-content\/uploads\/2026\/04\/Velo-rando21.png 234w, https:\/\/www.1terreactions.org\/site\/wp-content\/uploads\/2026\/04\/Velo-rando21-188x300.png 188w\" sizes=\"(max-width: 234px) 100vw, 234px\" \/>\t\t\t\t\t\t\t\t\t\t\t\t\t\t\t<\/div>\n\t\t\t\t<\/div>\n\t\t\t\t<div class=\"elementor-element elementor-element-79292cc elementor-widget elementor-widget-text-editor\" data-id=\"79292cc\" data-element_type=\"widget\" data-e-type=\"widget\" data-widget_type=\"text-editor.default\">\n\t\t\t\t\t\t\t\t\t<ul><li><a href=\"https:\/\/www.komoot.com\/fr-fr\"><u><strong>Komoot\u00a0<\/strong><\/u><\/a>est aussi une appli de cartes et d\u2019itin\u00e9raire. Je l\u2019utilise personnellement pour la randonn\u00e9e (\u00e0 pied), mais elle propose des options pour les v\u00e9los. Plusieurs itin\u00e9raires et balades sont propos\u00e9s par les autres utilisateur\u00b7ice\u00b7s, on peut s\u2019en inspirer ou cr\u00e9er son propre itin\u00e9raire en choisissant le type de v\u00e9lo (route, VTT, gravel, \u00e9lectrique), le niveau de performance souhait\u00e9, la dur\u00e9e, etc. En rentrant son point de d\u00e9part et son point d\u2019arriv\u00e9e, l\u2019appli propose diff\u00e9rents itin\u00e9raires tout pr\u00eats, mais vous pouvez aussi lui demander de passer par des points sp\u00e9cifiques pour l\u2019adapter \u00e0 votre trajet souhait\u00e9. L\u2019appli r\u00e9pertorie aussi des points d\u2019int\u00e9r\u00eats (une superbe cascade \u00e0 ne pas manquer sur votre trajet par exemple). Comme G\u00e9ov\u00e9lo, vous pourrez voir pour chaque itin\u00e9raire le type de voies rencontr\u00e9es et le d\u00e9nivel\u00e9. Vous pourrez t\u00e9l\u00e9charger votre itin\u00e9raire en format GPX (pour le mettre dans votre GPS par exemple) ou suivre l\u2019itin\u00e9raire directement sur votre t\u00e9l\u00e9phone. Si vous t\u00e9l\u00e9chargez votre carte avant de partir, vous pourrez la consulter m\u00eame s\u2019il n\u2019y a pas de r\u00e9seau. Il semblerait qu\u2019il y a aussi une partie r\u00e9seau social sur cette appli, mais je ne connais pas cette fonctionnalit\u00e9, je vous laisserai la d\u00e9couvrir.<\/li><li><strong>OpenRunner<\/strong> est une appli (recommand\u00e9e par Valentin) qui permet \u00e9galement de tracer son itin\u00e9raire, de le suivre ou de le t\u00e9l\u00e9charger.<\/li><\/ul><p>Il existe certainement d\u2019autres super applications, n\u2019h\u00e9sitez pas \u00e0 nous faire un retour si en connaissez\u00a0!<\/p><p>Rien \u00e0 voir avec les itin\u00e9raires, mais une autre appli pratique est\u00a0: WarmShowers (l\u2019anglais de \u00ab\u00a0douches chaudes\u00a0\u00bb). Cette appli est un regroupement de personnes qui proposent l\u2019hospitalit\u00e9 (une chambre, un bout de canap\u2019, un bout de jardin pour planter sa tente) aux voyageur\u00b7euse\u00b7s \u00e0 v\u00e9lo gratuitement. Ce sont des petites annonces, les cyclo-voyageur\u00b7euse\u00b7s envoient leur demande et les h\u00f4tes r\u00e9pondent via la plateforme directement. Ne l\u2019ayant jamais utilis\u00e9 (pour l\u2019instant), je ne peux pas vous en dire plus, mais mon oncle, sa femme et leur jeune enfant l\u2019ont utilis\u00e9e il y a quelques ann\u00e9es pour un voyage \u00e0 v\u00e9lo \u00e0 travers l\u2019Europe, et la recommande chaudement. L\u2019abonnement \u00e0 cette application est payant, 30\u20ac pour toute la vie. Ce prix nous offre l\u2019opportunit\u00e9 de superbes rencontres bas\u00e9es sur la passion commune du voyage et du v\u00e9lo un voyage \u00e0 moindre co\u00fbt.<\/p>\t\t\t\t\t\t\t\t<\/div>\n\t\t\t\t<div class=\"elementor-element elementor-element-9b7d3e3 elementor-widget elementor-widget-heading\" data-id=\"9b7d3e3\" data-element_type=\"widget\" data-e-type=\"widget\" data-widget_type=\"heading.default\">\n\t\t\t\t\t<h4 class=\"elementor-heading-title elementor-size-default\">Livres\n<\/h4>\t\t\t\t<\/div>\n\t\t<div class=\"elementor-element elementor-element-9fbb5d2 e-grid e-con-full wpr-particle-no wpr-jarallax-no wpr-parallax-no wpr-sticky-section-no wpr-equal-height-no e-con e-child\" data-id=\"9fbb5d2\" data-element_type=\"container\" data-e-type=\"container\">\n\t\t\t\t<div class=\"elementor-element elementor-element-604e18a elementor-widget elementor-widget-text-editor\" data-id=\"604e18a\" data-element_type=\"widget\" data-e-type=\"widget\" data-widget_type=\"text-editor.default\">\n\t\t\t\t\t\t\t\t\t<p>Il existe beaucoup ! Le seul que je connais et que je recommande est l\u2019<u>Atlas France des <\/u><u>voies vertes et v\u00e9loroutes<\/u><u>.<\/u><\/p><p>Si vous avez des recommandations, faites-nous en part !<\/p>\t\t\t\t\t\t\t\t<\/div>\n\t\t\t\t<div class=\"elementor-element elementor-element-31e8347 elementor-widget elementor-widget-image\" data-id=\"31e8347\" data-element_type=\"widget\" data-e-type=\"widget\" data-widget_type=\"image.default\">\n\t\t\t\t\t\t\t\t\t\t\t\t\t\t\t<img loading=\"lazy\" decoding=\"async\" width=\"768\" height=\"1112\" src=\"https:\/\/www.1terreactions.org\/site\/wp-content\/uploads\/2026\/04\/Atlas-768x1112.jpg\" class=\"attachment-medium_large size-medium_large wp-image-1808\" alt=\"\" srcset=\"https:\/\/www.1terreactions.org\/site\/wp-content\/uploads\/2026\/04\/Atlas-768x1112.jpg 768w, https:\/\/www.1terreactions.org\/site\/wp-content\/uploads\/2026\/04\/Atlas-207x300.jpg 207w, https:\/\/www.1terreactions.org\/site\/wp-content\/uploads\/2026\/04\/Atlas.jpg 816w\" sizes=\"(max-width: 768px) 100vw, 768px\" \/>\t\t\t\t\t\t\t\t\t\t\t\t\t\t\t<\/div>\n\t\t\t\t<\/div>\n\t\t\t\t<div class=\"elementor-element elementor-element-93a5a0f elementor-widget elementor-widget-heading\" data-id=\"93a5a0f\" data-element_type=\"widget\" data-e-type=\"widget\" data-widget_type=\"heading.default\">\n\t\t\t\t\t<h4 class=\"elementor-heading-title elementor-size-default\">Sites \n<\/h4>\t\t\t\t<\/div>\n\t\t\t\t\t<\/div>\n\t\t\t\t<\/div>\n\t\t<div class=\"elementor-element elementor-element-6a9cdc6 e-grid e-con-boxed wpr-particle-no wpr-jarallax-no wpr-parallax-no wpr-sticky-section-no wpr-equal-height-no e-con e-parent\" data-id=\"6a9cdc6\" data-element_type=\"container\" data-e-type=\"container\">\n\t\t\t\t\t<div class=\"e-con-inner\">\n\t\t\t\t<div class=\"elementor-element elementor-element-d96c4fa elementor-widget elementor-widget-image\" data-id=\"d96c4fa\" data-element_type=\"widget\" data-e-type=\"widget\" data-widget_type=\"image.default\">\n\t\t\t\t\t\t\t\t\t\t\t\t\t\t\t<img loading=\"lazy\" decoding=\"async\" width=\"242\" height=\"310\" src=\"https:\/\/www.1terreactions.org\/site\/wp-content\/uploads\/2026\/04\/Velo-rando22.png\" class=\"attachment-large size-large wp-image-1830\" alt=\"\" srcset=\"https:\/\/www.1terreactions.org\/site\/wp-content\/uploads\/2026\/04\/Velo-rando22.png 242w, https:\/\/www.1terreactions.org\/site\/wp-content\/uploads\/2026\/04\/Velo-rando22-234x300.png 234w\" sizes=\"(max-width: 242px) 100vw, 242px\" \/>\t\t\t\t\t\t\t\t\t\t\t\t\t\t\t<\/div>\n\t\t\t\t<div class=\"elementor-element elementor-element-2446ac2 elementor-widget elementor-widget-text-editor\" data-id=\"2446ac2\" data-element_type=\"widget\" data-e-type=\"widget\" data-widget_type=\"text-editor.default\">\n\t\t\t\t\t\t\t\t\t<p>Un des sites incontournables pour le voyage \u00e0 v\u00e9lo, c\u2019est <a href=\"https:\/\/www.francevelotourisme.com\/\"><u>France V\u00e9lo<\/u><u> Tourism<\/u><\/a>e. Sur ce site, on retrouve des id\u00e9es de destinations (\u00e0 choisir selon plusieurs crit\u00e8res \u2013 voir photo ci-contre), un calcul d\u2019itin\u00e9raire et \u00e9galement une rubrique de conseils tels que la pr\u00e9paration de son v\u00e9lo de voyage, la recherche d\u2019h\u00e9bergement sur son trajet, le voyage en famille, etc.<\/p><p>Le calcul d\u2019itin\u00e9raire de ce site vous proposera plusieurs trajets (trajet s\u00e9curis\u00e9, trajet le plus rapide,&#8230;) en pr\u00e9cisant le pourcentage de balisage\/panneaux. Vous pourrez \u00e9galement y rentrer votre nombre de kilom\u00e8tres moyen par jour et votre nombre de jour de voyage, le calculateur vous proposera diff\u00e9rentes \u00e9tapes. Vous pourrez ainsi t\u00e9l\u00e9charger le fichier GPX pour l\u2019ouvrir sur votre GPS. Attention, ce site ne propose pas de fonctionnalit\u00e9 de GPS. Il faudra donc pr\u00e9voir une autre plateforme pour suivre votre trajet en temps r\u00e9el.<\/p><p>Un autre site \u00e0 ne pas rater est le <a href=\"https:\/\/fr.eurovelo.com\/\"><u>site <\/u><\/a>des EuroV\u00e9lo (ce r\u00e9seau de pistes cyclables \u00e0 travers l\u2019Europe \u2013 vu dans la partie pr\u00e9c\u00e9dente). De la m\u00eame mani\u00e8re, un calculateur d\u2019itin\u00e9raire vous proposera des trajets en fonction de certains crit\u00e8res (trajet recommand\u00e9, trajet avec le moins de mont\u00e9es, trajet avec le plus de pistes cyclables, trajet le plus rapide,&#8230;). Vous pourrez ensuite t\u00e9l\u00e9charger le fichier GPX, soit en 1 fichier unique (tout le trajet), soit en plusieurs fichiers pour faire un d\u00e9coupage de vos diff\u00e9rentes \u00e9tapes.<\/p>\t\t\t\t\t\t\t\t<\/div>\n\t\t\t\t\t<\/div>\n\t\t\t\t<\/div>\n\t\t<div class=\"elementor-element elementor-element-51b99dc e-flex e-con-boxed wpr-particle-no wpr-jarallax-no wpr-parallax-no wpr-sticky-section-no wpr-equal-height-no e-con e-parent\" data-id=\"51b99dc\" data-element_type=\"container\" data-e-type=\"container\">\n\t\t\t\t\t<div class=\"e-con-inner\">\n\t\t\t\t<div class=\"elementor-element elementor-element-e7c4719 elementor-widget elementor-widget-text-editor\" data-id=\"e7c4719\" data-element_type=\"widget\" data-e-type=\"widget\" data-widget_type=\"text-editor.default\">\n\t\t\t\t\t\t\t\t\t<p>Parmi les autres sites int\u00e9ressants \u00e0 v\u00e9rifier, on retrouve les sites des TER de la r\u00e9gion que vous traversez. Pour la r\u00e9gion Centre Val de Loire, vous retrouverez toutes les infos concernant le v\u00e9lo <a href=\"https:\/\/www.remi-centrevaldeloire.fr\/services?thematic=velo\"><u>ici<\/u><\/a>. En effet, les r\u00e9glementations \u00e9voluent r\u00e9guli\u00e8rement. Par exemple, en \u00e9t\u00e9, il faut r\u00e9server un ticket v\u00e9lo pour pouvoir l\u2019embarquer dans le train (1\u20ac le ticket).<\/p>\t\t\t\t\t\t\t\t<\/div>\n\t\t\t\t<div class=\"elementor-element elementor-element-f69a1ad elementor-widget elementor-widget-text-editor\" data-id=\"f69a1ad\" data-element_type=\"widget\" data-e-type=\"widget\" data-widget_type=\"text-editor.default\">\n\t\t\t\t\t\t\t\t\t<p>Bon, cet article commence \u00e0 \u00eatre un tantinet trop long&#8230;.oupsi.<\/p><p>Vous l\u2019aurez compris, il y a autant de mani\u00e8res de voyager \u00e0 v\u00e9lo que de voyageur\u00b7euse\u00b7s. Il y a tellement de possibilit\u00e9s de v\u00e9los, d\u2019\u00e9quipements, d\u2019itin\u00e9raires.<\/p><p>Alors pour nous inspirer et inspirer les autres, partagez-nous vos r\u00e9cits d\u2019aventures dans les commentaires. Nous avons d\u00e9j\u00e0 h\u00e2te de vous lire.<\/p><p>A bient\u00f4t (\u00e0 v\u00e9lo&#8230;\u00e7a rime) pour un prochain article qui je l\u2019esp\u00e8re sera moins long.<\/p>\t\t\t\t\t\t\t\t<\/div>\n\t\t\t\t\t<\/div>\n\t\t\t\t<\/div>\n\t\t\t\t<\/div>\n\t\t","protected":false},"excerpt":{"rendered":"<p>Jamais 2 sans 3, comme on dit. Alors voil\u00e0 notre 3i\u00e8me article. Aujourd\u2019hui on va se pencher sur la rando \u00e0 v\u00e9lo, le voyage \u00e0 v\u00e9lo. Et comme l\u2019article pr\u00e9c\u00e9dent, je vous mens un peu, on aura ici droit aux conseils d\u2019un peu toute l\u2019\u00e9quipe , r\u00e9dig\u00e9s par Elio. John F. Kennedy nous le disait d\u00e9j\u00e0 : \u201crien n\u2019est comparable au simple plaisir d\u2019une balade \u00e0 v\u00e9lo\u201d.\u00a0\u201cP\u00e9daler est la plus belle mani\u00e8re d\u2019\u00eatre en contact avec le monde\u201d\u00a0affirmait Bill Strickland. Et je pense qu\u2019ils ont tous les deux tout \u00e0 fait raison. Ces superbes adages ne vous donnent-ils pas envie d\u2019enfourcher votre fid\u00e8le destrier pour partir d\u00e9couvrir le monde ? Moi si ! Le but de cet article n\u2019est pas de faire un \u00e9talage de produits ni de vous pousser \u00e0 la consommation, mais bien de\u00a0pr\u00e9senter les diff\u00e9rentes possibilit\u00e9s qui s\u2019offrent \u00e0 vous, sans en faire un comparatif pouss\u00e9 (nous n\u2019avons pas test\u00e9 tout ce dont nous allons parler). Ensuite, libre \u00e0 vous de comparer chaque produit, chaque marque pour trouver ce dont vous avez besoin. Les voyageur\u00b7euse\u00b7s aguerri\u00b7e\u00b7s, vous risquez de d\u00e9j\u00e0 tout conna\u00eetre\/ Mais n\u2019h\u00e9sitez pas \u00e0 partager votre exp\u00e9rience dans les commentaires de l\u2019article. \u00c7a nous int\u00e9resse de vous lire\u00a0! D\u00e9terminer quels types de voyage Il existe autant de formats de voyages \u00e0 v\u00e9lo que de cyclo-voyageur\u00b7euse\u00b7s. Ainsi, avant de choisir vos \u00e9quipements, il est important de d\u00e9terminer quel sera le format de votre voyage. Quelle distance ? Quelle dur\u00e9e ? Quelle autonomie (hotel, camping, bivouac,&#8230;) ? Tous ces param\u00e8tres vont vous aider \u00e0 trouver le v\u00e9los et les \u00e9quipements les plus adapt\u00e9s \u00e0 votre aventure.On diff\u00e9rencie souvent le bikepacking du cyclotourisme. Le bikepacking est une forme de voyage plus l\u00e9g\u00e8re, plus \u201cperformante\u201d et permet de faire de l\u2019ultra distance en \u00e9tant moins charg\u00e9\u00b7e. Mais moins de chargement signifie aussi moins de confort (ou sinon nuit \u00e0 l\u2019h\u00f4tel donc plus de confort hehe). Aussi, l\u2019\u00e9quiment ultra l\u00e9ger et ultra compact co\u00fbte souvent plus cher. En cyclotourisme, on a plus de bagages, on peut plus facilement dormir en camping\/bivouac, avec plus de confort. Les sacoches de bickpacking ont cependant l\u2019avantage de se fixer sans porte-bagage. Ainsi si votre v\u00e9lo ne poss\u00e8de pas les oeillets pour en monter un, pas de probl\u00e8me ! Comment choisir son v\u00e9lo de voyage ? Partie en cours de r\u00e9daction, revenez nous voir dans quelques jours ! Quels accessoires existent ? Porte-bagages arri\u00e8res Il existe une multitude de porte-bagages diff\u00e9rents, avec des fixations diff\u00e9rentes, capables de supporter diff\u00e9rentes charges. La charge maximale est indiqu\u00e9e directement sur le porte-bagage, pensez \u00e0 la v\u00e9rifier avant de blinder vos sacoches. Pour installer un porte-bagage sur votre v\u00e9lo, v\u00e9rifiez bien que votre v\u00e9lo est d\u2019accord avec \u00e7a (il faut qu\u2019il ait les \u0153illets de fixation sur le cadre). Les oeillets sont les trous dans le cadre dans lesquels on visse les fixation du porte-bagage. Il existe des porte-bagages qui se fixent sans les \u0153illets, uniquement sur la tige de selle, mais ces mod\u00e8les ne permettent pas de supporter des sacoches \u00e0 cause du poids. Porte-bagages avants De la m\u00eame mani\u00e8re, il existe plusieurs formats de porte-bagage avant (ceux o\u00f9 l\u2019on ne peut que poser un sac, ceux o\u00f9 l\u2019on ne peut mettre que des sacoches et ceux qui combinent les 2. Idem que pour les porte-bagages arri\u00e8res, attention au poids que vous mettrez dessus. Avant d\u2019acheter un porte-bagage avant, v\u00e9rifiez que votre fourche soit compatible avec le syst\u00e8me de fixation (par des \u0153illets, par l\u2019axe de roue, par t\u00eate de fourche,&#8230;). Pour les fourches compatibles avec aucun syst\u00e8me (et m\u00eames les autres), il est possible d\u2019installer un support universel pour des petites sacoches de fourche. Sacoches Il existe une muuuuultitude de formats de sacoches diff\u00e9rentes\u00a0: des sacoches de porte-bagage, des sacoches de cadre, sacoches de guidon, sacoches de selle, sacoches de fourches,&#8230;. Tous pleins de formats diff\u00e9rents, avec des capacit\u00e9s de stockage diff\u00e9rentes, des tissus diff\u00e9rents (imperm\u00e9ables ou non), des syst\u00e8mes de fixation diff\u00e9rents,&#8230; Un petit aper\u00e7u de cet immense univers de la sacoche\u00a0: Quelques super marques en vrac : Z\u00e9fal, Ortlieb, Vaude, D\u00e9cathlon. Impossible de faire un comparatif pour vous (il en existe pleins sur les internets si vous voulez), car tout d\u00e9pend de ce que vous cherchez dans une sacoche. Par exemple, pour mes sacoches de portes bagages, je souhaitais un certain volume, une anse pour porter la sacoche en bandouli\u00e8re lorsqu\u2019elle n\u2019est pas sur le v\u00e9lo, une poche ext\u00e9rieure (pour ranger le go\u00fbter et le kway&#8230;les indispensables \u00e0 pouvoir attraper rapidement). Pour la sacoche de guidon, je voulais un range-carte imperm\u00e9able sur le dessus. Si vous ne voulez pas investir sans tester, beaucoup de personnes louent leur mat\u00e9riel via la plateforme Leboncoin. Ca vaut aussi le coup de demander \u00e0 ses ami\u00ad\u00b7e\u00b7s et voisin\u00b7e\u00b7s s\u2019ils et elles n\u2019en ont pas \u00e0 vous pr\u00eater. On peut aussi trouver des p\u00e9pites d\u2019occasion, sur Vinted, Leboncoin, dans les ressourceries, en vide grenier,&#8230; Et pour les plus motiv\u00e9\u00b7e\u00b7s d\u2019entre vous, il est aussi possible de les coudre soi-m\u00eame. Je suis d\u2019ailleurs tomb\u00e9 sur des tutos la semaine derni\u00e8re, je vous mets la cha\u00eene youtube en question ici. A l\u2019h\u00e9ro\u00b7\u00efne qui se lancera dans ce projet, ON VEUT VOIR LE RESULTAT FINAL &#x1f929; !!! Ainsi, pour choisir ses sacoches, il faut tout d\u2019abord savoir de quel volume vous avez besoin, quels syst\u00e8mes de fixation s\u2019adaptent sur votre v\u00e9lo (et votre budget \u00e9videmment). Important \u00e0 noter : il n\u2019est pas n\u00e9cessaire d\u2019avoir du mat\u00e9riel hors de prix, top qualit\u00e9 pour partir en voyage \u00e0 v\u00e9lo. Mon tout premier \u2018voyage\u2019 \u00e0 v\u00e9lo en solo, j\u2019avais juste pos\u00e9 mon gros sac de rando sur le porte-bagage arri\u00e8re, attach\u00e9 avec 2 tendeurs et mon sac de couchage pos\u00e9 dans le panier du v\u00e9lo de ville que j\u2019avais emprunt\u00e9 \u00e0 ma maman. Rien d\u2019adapt\u00e9 donc. Et r\u00e9cemment, je suis parti avec 4 sacoches de porte-bagage (2 avant, 2 arri\u00e8re) achet\u00e9es d\u2019occasion, une sacoche de guidon, que l\u2019on m\u2019a pr\u00eat\u00e9e, qui pendouillait tellement que je devais la maintenir avec un tendeur, et ma tente enroul\u00e9e<\/p>\n","protected":false},"author":2,"featured_media":1807,"comment_status":"open","ping_status":"closed","sticky":false,"template":"","format":"standard","meta":{"site-sidebar-layout":"default","site-content-layout":"","ast-site-content-layout":"normal-width-container","site-content-style":"default","site-sidebar-style":"default","ast-global-header-display":"","ast-banner-title-visibility":"","ast-main-header-display":"","ast-hfb-above-header-display":"","ast-hfb-below-header-display":"","ast-hfb-mobile-header-display":"","site-post-title":"","ast-breadcrumbs-content":"","ast-featured-img":"","footer-sml-layout":"","ast-disable-related-posts":"","theme-transparent-header-meta":"","adv-header-id-meta":"","stick-header-meta":"","header-above-stick-meta":"","header-main-stick-meta":"","header-below-stick-meta":"","astra-migrate-meta-layouts":"default","ast-page-background-enabled":"default","ast-page-background-meta":{"desktop":{"background-color":"var(--ast-global-color-5)","background-image":"","background-repeat":"repeat","background-position":"center center","background-size":"auto","background-attachment":"scroll","background-type":"","background-media":"","overlay-type":"","overlay-color":"","overlay-opacity":"","overlay-gradient":""},"tablet":{"background-color":"","background-image":"","background-repeat":"repeat","background-position":"center center","background-size":"auto","background-attachment":"scroll","background-type":"","background-media":"","overlay-type":"","overlay-color":"","overlay-opacity":"","overlay-gradient":""},"mobile":{"background-color":"","background-image":"","background-repeat":"repeat","background-position":"center center","background-size":"auto","background-attachment":"scroll","background-type":"","background-media":"","overlay-type":"","overlay-color":"","overlay-opacity":"","overlay-gradient":""}},"ast-content-background-meta":{"desktop":{"background-color":"var(--ast-global-color-4)","background-image":"","background-repeat":"repeat","background-position":"center center","background-size":"auto","background-attachment":"scroll","background-type":"","background-media":"","overlay-type":"","overlay-color":"","overlay-opacity":"","overlay-gradient":""},"tablet":{"background-color":"var(--ast-global-color-4)","background-image":"","background-repeat":"repeat","background-position":"center center","background-size":"auto","background-attachment":"scroll","background-type":"","background-media":"","overlay-type":"","overlay-color":"","overlay-opacity":"","overlay-gradient":""},"mobile":{"background-color":"var(--ast-global-color-4)","background-image":"","background-repeat":"repeat","background-position":"center center","background-size":"auto","background-attachment":"scroll","background-type":"","background-media":"","overlay-type":"","overlay-color":"","overlay-opacity":"","overlay-gradient":""}},"footnotes":""},"categories":[1],"tags":[],"class_list":["post-1792","post","type-post","status-publish","format-standard","has-post-thumbnail","hentry","category-actualite"],"_links":{"self":[{"href":"https:\/\/www.1terreactions.org\/site\/wp-json\/wp\/v2\/posts\/1792","targetHints":{"allow":["GET"]}}],"collection":[{"href":"https:\/\/www.1terreactions.org\/site\/wp-json\/wp\/v2\/posts"}],"about":[{"href":"https:\/\/www.1terreactions.org\/site\/wp-json\/wp\/v2\/types\/post"}],"author":[{"embeddable":true,"href":"https:\/\/www.1terreactions.org\/site\/wp-json\/wp\/v2\/users\/2"}],"replies":[{"embeddable":true,"href":"https:\/\/www.1terreactions.org\/site\/wp-json\/wp\/v2\/comments?post=1792"}],"version-history":[{"count":16,"href":"https:\/\/www.1terreactions.org\/site\/wp-json\/wp\/v2\/posts\/1792\/revisions"}],"predecessor-version":[{"id":1833,"href":"https:\/\/www.1terreactions.org\/site\/wp-json\/wp\/v2\/posts\/1792\/revisions\/1833"}],"wp:featuredmedia":[{"embeddable":true,"href":"https:\/\/www.1terreactions.org\/site\/wp-json\/wp\/v2\/media\/1807"}],"wp:attachment":[{"href":"https:\/\/www.1terreactions.org\/site\/wp-json\/wp\/v2\/media?parent=1792"}],"wp:term":[{"taxonomy":"category","embeddable":true,"href":"https:\/\/www.1terreactions.org\/site\/wp-json\/wp\/v2\/categories?post=1792"},{"taxonomy":"post_tag","embeddable":true,"href":"https:\/\/www.1terreactions.org\/site\/wp-json\/wp\/v2\/tags?post=1792"}],"curies":[{"name":"wp","href":"https:\/\/api.w.org\/{rel}","templated":true}]}}